
{"id":421,"date":"2026-04-01T02:00:00","date_gmt":"2026-04-01T01:00:00","guid":{"rendered":"https:\/\/ejobs.ma\/blog\/?p=421"},"modified":"2026-03-30T19:15:54","modified_gmt":"2026-03-30T18:15:54","slug":"transferer-ses-competences-comment-valoriser-un-passe-non-digital-sur-son-cv","status":"publish","type":"post","link":"https:\/\/ejobs.ma\/blog\/transferer-ses-competences-comment-valoriser-un-passe-non-digital-sur-son-cv\/","title":{"rendered":"Transf\u00e9rer ses comp\u00e9tences : comment valoriser un pass\u00e9 \u00ab\u00a0non-digital\u00a0\u00bb sur son CV ?"},"content":{"rendered":"<p>La transition vers le digital est souvent per\u00e7ue comme un changement radical. Pourtant, dans la majorit\u00e9 des cas, il s\u2019agit davantage d\u2019une \u00e9volution logique que d\u2019une reconversion totale. De nombreuses comp\u00e9tences acquises dans des environnements \u201cnon-digitaux\u201d sont d\u00e9j\u00e0 pertinentes \u2014 il suffit de les reformuler et de les contextualiser.\t<\/p>\n<h2 class=\"mb-3\">1. Comprendre la notion de comp\u00e9tences transf\u00e9rables<\/h2>\n<p>Une comp\u00e9tence transf\u00e9rable ne d\u00e9pend pas d&rsquo;un secteur : elle refl\u00e8te votre fa\u00e7on de travailler. Communication, organisation, gestion de projet, analyse, n\u00e9gociation \u2014 ces aptitudes sont universelles. Dans le digital, elles restent tr\u00e8s recherch\u00e9es, exprim\u00e9es diff\u00e9remment.<\/p>\n<h2 class=\"mb-3\">2. Traduire son exp\u00e9rience en \u00ab\u00a0langage digital\u00a0\u00bb<\/h2>\n<p>Le principal enjeu est lexical : dire la m\u00eame chose, mais avec les bons codes.<\/p>\n<div class=\"table-responsive\">\n<table class=\"table\">\n<thead>\n<tr>\n<th>Exp\u00e9rience classique<\/th>\n<th>Traduction digitale<\/th>\n<\/tr>\n<\/thead>\n<tbody>\n<tr>\n<td>Vente terrain<\/td>\n<td>Growth \/ Acquisition<\/td>\n<\/tr>\n<tr>\n<td>Service client<\/td>\n<td>Customer Success \/ Exp\u00e9rience utilisateur (UX)<\/td>\n<\/tr>\n<tr>\n<td>Gestion de projet<\/td>\n<td>M\u00e9thodologies Agile \/ Scrum<\/td>\n<\/tr>\n<tr>\n<td>Marketing traditionnel<\/td>\n<td>Marketing digital \/ Activation<\/td>\n<\/tr>\n<tr>\n<td>Analyse commerciale<\/td>\n<td>Data analysis \/ Performance<\/td>\n<\/tr>\n<\/tbody>\n<\/table><\/div>\n<p>L\u2019objectif n\u2019est pas de <em>survendre<\/em>, mais de repositionner intelligemment votre exp\u00e9rience.<\/p>\n<h2 class=\"mb-3\">3. Mettre en avant les r\u00e9sultats plut\u00f4t que les t\u00e2ches<\/h2>\n<p>Dans le digital, la performance est centrale. Un recruteur sera plus sensible \u00e0 vos r\u00e9sultats qu\u2019\u00e0 vos missions.\t<\/p>\n<p>\u00c0 privil\u00e9gier :<\/p>\n<ul>\n<li><em>Augmentation de 25% du chiffre d\u2019affaires sur un portefeuille clients<\/em><\/li>\n<li><em>R\u00e9duction des d\u00e9lais de traitement de 30%<\/em><\/li>\n<li><em>Am\u00e9lioration de la satisfaction client<\/em><\/li>\n<\/ul>\n<p>M\u00eame dans un contexte non-digital, ces indicateurs montrent votre capacit\u00e9 \u00e0 cr\u00e9er de la valeur.\t<\/p>\n<h2 class=\"mb-3\">4. Adapter son CV aux standards actuels<\/h2>\n<p>Un CV orient\u00e9 digital doit :<\/p>\n<ul>\n<li>\u00catre clair, structur\u00e9 et synth\u00e9tique<\/li>\n<li>Int\u00e9grer des mots-cl\u00e9s recherch\u00e9s (Growth, UX, Data, Agile\u2026)<\/li>\n<li>Mettre en avant les comp\u00e9tences avant les outils<\/li>\n<\/ul>\n<p>Pensez \u00e9galement aux syst\u00e8mes ATS (logiciels de tri de CV) : le choix des mots est strat\u00e9gique.<\/p>\n<h2 class=\"mb-3\">5. Prouver sa mont\u00e9e en comp\u00e9tences<\/h2>\n<p>M\u00eame si votre exp\u00e9rience n\u2019est pas digitale \u00e0 l\u2019origine, vous devez montrer que vous \u00eates dans une dynamique d\u2019apprentissage.<\/p>\n<p>Quelques leviers :<\/p>\n<ul>\n<li>Formations en ligne (marketing digital, data, UX\u2026)<\/li>\n<li>Certifications<\/li>\n<li>Projets personnels<\/li>\n<li>Veille active (articles, outils, tendances)<\/li>\n<\/ul>\n<p>Cela rassure les recruteurs sur votre capacit\u00e9 d\u2019adaptation.\t<\/p>\n<h2 class=\"mb-3\">6. Illustrer avec des cas concrets<\/h2>\n<p>Les exemples font la diff\u00e9rence bien plus que les intitul\u00e9s. Construisez des ponts explicites entre votre v\u00e9cu et les attentes du poste :<\/p>\n<p><em>\u00ab Dans mon exp\u00e9rience commerciale, j&rsquo;ai analys\u00e9 les comportements clients pour adapter mon approche \u2014 une logique similaire \u00e0 l&rsquo;optimisation des parcours utilisateurs en digital. \u00bb<\/em><\/p>\n<p>Ce type de parall\u00e8le rend votre profil imm\u00e9diatement lisible pour un recruteur tech.\t<\/p>\n<h2 class=\"mb-3\">7. Adopter le bon positionnement<\/h2>\n<p>\u00c9vitez surtout de vous pr\u00e9senter comme un d\u00e9butant. Vous ne repartez pas de z\u00e9ro \u2014 vous capitalisez sur une exp\u00e9rience solide pour \u00e9voluer vers un nouveau secteur. C&rsquo;est une posture bien plus forte, et bien plus rare.<\/p>\n","protected":false},"excerpt":{"rendered":"<p>La transition vers le digital est souvent per\u00e7ue comme un changement radical. Pourtant, dans la majorit\u00e9 des cas, il s\u2019agit davantage d\u2019une \u00e9volution logique que d\u2019une reconversion totale. De nombreuses comp\u00e9tences acquises dans des environnements \u201cnon-digitaux\u201d sont d\u00e9j\u00e0 pertinentes \u2014 il suffit de les reformuler et de les contextualiser. 1. Comprendre la notion de comp\u00e9tences [&hellip;]<\/p>\n","protected":false},"author":4,"featured_media":425,"comment_status":"open","ping_status":"open","sticky":false,"template":"","format":"standard","meta":{"footnotes":""},"categories":[1],"tags":[],"class_list":["post-421","post","type-post","status-publish","format-standard","has-post-thumbnail","hentry","category-conseils-carriere"],"_links":{"self":[{"href":"https:\/\/ejobs.ma\/blog\/wp-json\/wp\/v2\/posts\/421","targetHints":{"allow":["GET"]}}],"collection":[{"href":"https:\/\/ejobs.ma\/blog\/wp-json\/wp\/v2\/posts"}],"about":[{"href":"https:\/\/ejobs.ma\/blog\/wp-json\/wp\/v2\/types\/post"}],"author":[{"embeddable":true,"href":"https:\/\/ejobs.ma\/blog\/wp-json\/wp\/v2\/users\/4"}],"replies":[{"embeddable":true,"href":"https:\/\/ejobs.ma\/blog\/wp-json\/wp\/v2\/comments?post=421"}],"version-history":[{"count":1,"href":"https:\/\/ejobs.ma\/blog\/wp-json\/wp\/v2\/posts\/421\/revisions"}],"predecessor-version":[{"id":423,"href":"https:\/\/ejobs.ma\/blog\/wp-json\/wp\/v2\/posts\/421\/revisions\/423"}],"wp:featuredmedia":[{"embeddable":true,"href":"https:\/\/ejobs.ma\/blog\/wp-json\/wp\/v2\/media\/425"}],"wp:attachment":[{"href":"https:\/\/ejobs.ma\/blog\/wp-json\/wp\/v2\/media?parent=421"}],"wp:term":[{"taxonomy":"category","embeddable":true,"href":"https:\/\/ejobs.ma\/blog\/wp-json\/wp\/v2\/categories?post=421"},{"taxonomy":"post_tag","embeddable":true,"href":"https:\/\/ejobs.ma\/blog\/wp-json\/wp\/v2\/tags?post=421"}],"curies":[{"name":"wp","href":"https:\/\/api.w.org\/{rel}","templated":true}]}}